{"id":74,"date":"2016-07-29T20:13:56","date_gmt":"2016-07-29T20:13:56","guid":{"rendered":"http:\/\/wusel.wh61.de\/?p=74"},"modified":"2018-08-12T16:16:20","modified_gmt":"2018-08-12T16:16:20","slug":"nolle-der-aeltere-bruder-vom-wusel-bully","status":"publish","type":"post","link":"https:\/\/wusel.wh61.de\/wordpress\/2016\/07\/nolle-der-aeltere-bruder-vom-wusel-bully\/","title":{"rendered":"NoLLE, der \u00e4ltere Bruder vom Wusel-Bully &#8211; [Update 16.12.2017]"},"content":{"rendered":"<div id=\"attachment_76\" style=\"width: 310px\" class=\"wp-caption alignleft\"><a href=\"http:\/\/wusel.wh61.de\/wordpress\/wp-content\/uploads\/2016\/07\/2016-07-26-Erste_Pause_mit_NoLLE.jpg\"><img loading=\"lazy\" decoding=\"async\" aria-describedby=\"caption-attachment-76\" class=\"size-medium wp-image-76\" src=\"http:\/\/wusel.wh61.de\/wordpress\/wp-content\/uploads\/2016\/07\/2016-07-26-Erste_Pause_mit_NoLLE-300x227.jpg\" alt=\"VW T3 NoLLE\" width=\"300\" height=\"227\" srcset=\"https:\/\/wusel.wh61.de\/wordpress\/wp-content\/uploads\/2016\/07\/2016-07-26-Erste_Pause_mit_NoLLE-300x227.jpg 300w, https:\/\/wusel.wh61.de\/wordpress\/wp-content\/uploads\/2016\/07\/2016-07-26-Erste_Pause_mit_NoLLE-768x581.jpg 768w, https:\/\/wusel.wh61.de\/wordpress\/wp-content\/uploads\/2016\/07\/2016-07-26-Erste_Pause_mit_NoLLE-1024x775.jpg 1024w\" sizes=\"auto, (max-width: 300px) 100vw, 300px\" \/><\/a><p id=\"caption-attachment-76\" class=\"wp-caption-text\">Meine erste Paue mit NoLLE<\/p><\/div>\n<p>Am Montag hat unser <a href=\"http:\/\/wusel.wh61.de\/2015\/08\/bilder-vom-wusel-bulli\/\">Wusel-Bully<\/a> einen &#8222;\u00e4lteren Bruder&#8220; bekommen. Ich habe ihn <em>NoLLE<\/em> genannt, da in einem Bulli-Forum jemand &#8211; der das Bild gesehen hatte &#8211;\u00a0 gefragt hatte, ob es ein originaler <a href=\"https:\/\/de.wikipedia.org\/wiki\/VW_T3#Limited_Last_Edition_.28LLE.29\" target=\"_blank\" rel=\"noopener\">LLE<\/a> sei. Nein, ist es nicht. Die Erstzulassung war bereits 11\/1990. Und nein, das Foto ist <strong>nicht<\/strong> seitenverkehrt. Der Bulli hat <strong>zwei<\/strong> Schiebet\u00fcren. Und ja, es ist war Schokoladenseite, die ich hier aufgenommen habe (leider hat die linke Schiebet\u00fcr inzwischen eine Delle). Und ja, ich wei\u00df, dass Original-VW-T3-B\u00fcgelspiegel sch\u00f6ner aussehen. Das vordere Nummernschild h\u00e4ngt inzwischen auch da, wo es hin geh\u00f6rt.<\/p>\n<p><strong> [Update 16.12.2017]<\/strong> Heute wurde NoLLe an den gemeinn\u00fctzigen Verein <a href=\"https:\/\/mission-lifeline.de\/\" target=\"_blank\" rel=\"noopener\">MISSION LIVELINE e.V.<\/a> \u00fcbergeben. Der Verein will den Bulli in Sizilien einsetzen, um Menschen und Sachen insbesondere w\u00e4hrend der Winterwerft zu transportieren. Ich denke, dort ist NoLLE gut aufgehoben und leistet gute Dienste. Dort st\u00f6ren auch die Kratzer am Dach und die inzwischen verdellte linke Schiebet\u00fcr nicht. <strong>[\/Update]<\/strong><\/p>\n","protected":false},"excerpt":{"rendered":"<p>Am Montag hat unser Wusel-Bully einen &#8222;\u00e4lteren Bruder&#8220; bekommen. Ich habe ihn NoLLE genannt, da in einem Bulli-Forum jemand &#8211; der das Bild gesehen hatte &#8211;\u00a0 gefragt hatte, ob es ein originaler LLE sei. Nein, ist es nicht. Die Erstzulassung &hellip; <a href=\"https:\/\/wusel.wh61.de\/wordpress\/2016\/07\/nolle-der-aeltere-bruder-vom-wusel-bully\/\">Weiterlesen <span class=\"meta-nav\">&rarr;<\/span><\/a><\/p>\n","protected":false},"author":1,"featured_media":0,"comment_status":"open","ping_status":"closed","sticky":false,"template":"","format":"standard","meta":{"footnotes":""},"categories":[10],"tags":[14,11,12,13],"class_list":["post-74","post","type-post","status-publish","format-standard","hentry","category-nolle-der-bulli-mit-zwei-schiebetueren","tag-buegelspiegel","tag-lle","tag-schiebetueren","tag-zwei-schiebetueren"],"_links":{"self":[{"href":"https:\/\/wusel.wh61.de\/wordpress\/wp-json\/wp\/v2\/posts\/74","targetHints":{"allow":["GET"]}}],"collection":[{"href":"https:\/\/wusel.wh61.de\/wordpress\/wp-json\/wp\/v2\/posts"}],"about":[{"href":"https:\/\/wusel.wh61.de\/wordpress\/wp-json\/wp\/v2\/types\/post"}],"author":[{"embeddable":true,"href":"https:\/\/wusel.wh61.de\/wordpress\/wp-json\/wp\/v2\/users\/1"}],"replies":[{"embeddable":true,"href":"https:\/\/wusel.wh61.de\/wordpress\/wp-json\/wp\/v2\/comments?post=74"}],"version-history":[{"count":11,"href":"https:\/\/wusel.wh61.de\/wordpress\/wp-json\/wp\/v2\/posts\/74\/revisions"}],"predecessor-version":[{"id":140,"href":"https:\/\/wusel.wh61.de\/wordpress\/wp-json\/wp\/v2\/posts\/74\/revisions\/140"}],"wp:attachment":[{"href":"https:\/\/wusel.wh61.de\/wordpress\/wp-json\/wp\/v2\/media?parent=74"}],"wp:term":[{"taxonomy":"category","embeddable":true,"href":"https:\/\/wusel.wh61.de\/wordpress\/wp-json\/wp\/v2\/categories?post=74"},{"taxonomy":"post_tag","embeddable":true,"href":"https:\/\/wusel.wh61.de\/wordpress\/wp-json\/wp\/v2\/tags?post=74"}],"curies":[{"name":"wp","href":"https:\/\/api.w.org\/{rel}","templated":true}]}}